[{"@context":"https:\/\/schema.org\/","@type":"Article","@id":"https:\/\/www.endler.cz\/muz-a-starosti\/#Article","mainEntityOfPage":"https:\/\/www.endler.cz\/muz-a-starosti\/","headline":"Mu\u017e a starosti","name":"Mu\u017e a starosti","description":"Myslela jsem si, \u017ee kdybych byla mu\u017eem, tak bych to m\u011bla v n\u011b\u010dem jednodu\u0161\u0161\u00ed. A to hlavn\u011b v tom, \u017ee bych se starala t\u0159eba l\u00e9pe o \u017eenu. A v\u016fbec nev\u00edm, jak\u00e9 to je, kdy\u017e je mu\u017e a m\u00e1 takovou povinnost, \u017ee se mus\u00ed postarat o \u017eenu a celkov\u011b rodinu. Nebo to nen\u00ed povinnost mu\u017ee? J\u00e1 &hellip; ","datePublished":"2022-03-09","dateModified":"2023-05-19","author":{"@type":"Person","@id":"https:\/\/www.endler.cz\/author\/#Person","name":"","url":"https:\/\/www.endler.cz\/author\/","identifier":1,"image":{"@type":"ImageObject","@id":"https:\/\/secure.gravatar.com\/avatar\/1ea551d08e5aaea35ec0edab8371d7eaf798177f38aa8a77e65ff33bf2d8edc8?s=96&d=mm&r=g","url":"https:\/\/secure.gravatar.com\/avatar\/1ea551d08e5aaea35ec0edab8371d7eaf798177f38aa8a77e65ff33bf2d8edc8?s=96&d=mm&r=g","height":96,"width":96}},"publisher":{"@type":"Organization","name":"endler.cz","logo":{"@type":"ImageObject","@id":"\/logo.png","url":"\/logo.png","width":600,"height":60}},"image":{"@type":"ImageObject","@id":"https:\/\/www.endler.cz\/wp-content\/uploads\/people-2590616_960_720.jpg","url":"https:\/\/www.endler.cz\/wp-content\/uploads\/people-2590616_960_720.jpg","height":0,"width":0},"url":"https:\/\/www.endler.cz\/muz-a-starosti\/","about":["Mu\u017ei"],"wordCount":432,"articleBody":"Myslela jsem si, \u017ee kdybych byla mu\u017eem, tak bych to m\u011bla v n\u011b\u010dem jednodu\u0161\u0161\u00ed. A to hlavn\u011b v tom, \u017ee bych se starala t\u0159eba l\u00e9pe o \u017eenu. A v\u016fbec nev\u00edm, jak\u00e9 to je, kdy\u017e je mu\u017e a m\u00e1 takovou povinnost, \u017ee se mus\u00ed postarat o \u017eenu a celkov\u011b rodinu. Nebo to nen\u00ed povinnost mu\u017ee? J\u00e1 ch\u00e1pu, \u017ee u\u017e p\u00e1nov\u00e9 takov\u00e9 povinnosti nemaj\u00ed. \u017de to nen\u00ed povinnost, ale sp\u00ed\u0161e jenom to, \u017ee mu\u017e chce se postarat. A tak jsem si \u0159ekla, jak bych se k tomu postavila asi j\u00e1. A sice nev\u00edm jak vy, ale j\u00e1 bych asi byla takov\u00fd ten typ mu\u017ee, co by se staral. J\u00e1 sama jsem takov\u00e1 hodn\u011b starostliv\u00e1 a pe\u010dliv\u00e1 i emotivn\u00ed, tak\u017ee v\u0161echno doma chci m\u00edt opravdu hodn\u011b dokonale ud\u011blan\u00e9 a taky uklizen\u00e9. A taky m\u00e1m velkou rodinu, tak\u017ee se o sv\u00e9 d\u011bti star\u00e1m a mysl\u00edm si, \u017ee kdybych byla mu\u017e, tak by se taky o svou rodinu opravdu hodn\u011b starala. Jinak nev\u00edm, s \u010d\u00edm by to t\u0159eba m\u016f\u017ee m\u011bli od n\u00e1s v\u00edce n\u011bjak jin\u00e9. Samoz\u0159ejm\u011b, \u017ee mu\u017ei v\u011bt\u0161inou taky nejsou na mate\u0159sk\u00e9 dovolen\u00e9. Sice ch\u00e1pu, \u017ee mnoho \u017een je opravdu r\u00e1da, \u017ee jsou na mate\u0159sk\u00fdch dovolen\u00fdch. A stejn\u011b tak jako j\u00e1, opravdu si nedok\u00e1\u017ei p\u0159edstavit, \u017ee by n\u011bkdo vychov\u00e1val moje d\u00edt\u011b m\u00edsto m\u011b. I kdy\u017e by to byl jeho vlastn\u00ed otec. Nicm\u00e9n\u011b ale pokud mohu \u0159\u00edct, tak p\u00e1nov\u00e9 zase maj\u00ed v\u00fdhodu tu, \u017ee nemus\u00ed d\u011blat r\u016fzn\u00e9 v\u011bci, jako my \u017eeny. T\u0159eba my \u017eeny se opravdu ka\u017ed\u00fd malujeme l\u00ed\u010didly a chceme vypadat st\u00e1le sexy a atraktivn\u00ed pro na\u0161e milovan\u00e9 mu\u017ee. Jenom\u017ee taky tedy sly\u0161\u00edm, \u017ee n\u011bkdy mu\u017ei \u0159\u00edkaj\u00ed, \u017ee o sebe ani nedbaj\u00ed, \u017ee jim je \u00fapln\u011b jedno jak vypadaj\u00ed. To jako v\u00e1\u017en\u011b? Tohle mi \u0159\u00edct m\u016fj partner, tak bych asi ze\u0161\u00edlela. M\u00e1m r\u00e1da \u010dist\u00e9 a upraven\u00e9 mu\u017ee, kte\u0159\u00ed von\u00ed a jsou p\u0159\u00edjemn\u00ed. A mysl\u00edm si, \u017ee to je \u0161koda, proto\u017ee ka\u017ed\u00e9 \u017een\u011b se l\u00edb\u00ed mu\u017e, kdy\u017e je upraven\u00fd a vo\u0148av\u00fd, tak pro\u010d o sebe nepe\u010dovat. A jak\u00e9 mu\u017ee m\u00e1te r\u00e1di vy? M\u00e1te je r\u00e1di upraven\u00e9 nebo je v\u00e1m to \u00fapln\u011b jedno? v\u011b\u0159te, \u017ee by v\u00e1m to jedno\u00a0b\u00fdt nem\u011blo.                                                                                                                                                                                                                                                                                                                                                                                        4.5\/5 - (11 votes)        "},{"@context":"https:\/\/schema.org\/","@type":"BreadcrumbList","itemListElement":[{"@type":"ListItem","position":1,"name":"Mu\u017e a starosti","item":"https:\/\/www.endler.cz\/muz-a-starosti\/#breadcrumbitem"}]}]